{"id":4567,"date":"2026-06-29T13:59:00","date_gmt":"2026-06-29T16:59:00","guid":{"rendered":"https:\/\/despertares.ar\/publicaciones\/?p=4567"},"modified":"2026-08-16T16:52:21","modified_gmt":"2026-08-16T19:52:21","slug":"montserrat-hari-avtar","status":"publish","type":"post","link":"https:\/\/despertares.ar\/publicaciones\/4567","title":{"rendered":"Montserrat Hari Avtar"},"content":{"rendered":"<div class=\"wp-block-image\">\n<figure class=\"aligncenter size-full\"><img loading=\"lazy\" decoding=\"async\" width=\"276\" height=\"276\" src=\"https:\/\/despertares.ar\/publicaciones\/wp-content\/uploads\/2026\/06\/montserrat-hari-avtar-4x4-276x276-2026-6-29-0-1-59-488.jpg\" alt=\"\" class=\"wp-image-4579\" srcset=\"https:\/\/despertares.ar\/publicaciones\/wp-content\/uploads\/2026\/06\/montserrat-hari-avtar-4x4-276x276-2026-6-29-0-1-59-488.jpg 276w, https:\/\/despertares.ar\/publicaciones\/wp-content\/uploads\/2026\/06\/montserrat-hari-avtar-4x4-276x276-2026-6-29-0-1-59-488-100x100.jpg 100w, https:\/\/despertares.ar\/publicaciones\/wp-content\/uploads\/2026\/06\/montserrat-hari-avtar-4x4-276x276-2026-6-29-0-1-59-488-150x150.jpg 150w, https:\/\/despertares.ar\/publicaciones\/wp-content\/uploads\/2026\/06\/montserrat-hari-avtar-4x4-276x276-2026-6-29-0-1-59-488-200x200.jpg 200w\" sizes=\"auto, (max-width: 276px) 100vw, 276px\" \/><\/figure>\n<\/div>\n\n\n<h2 class=\"wp-block-heading\">DEDICACI\u00d3N<\/h2>\n\n\n\n<ul class=\"wp-block-list\">\n<li>constelaciones familiares<\/li>\n<\/ul>\n\n\n\n<h2 class=\"wp-block-heading\">CONTACTOS<\/h2>\n\n\n\n<ul class=\"wp-block-list\">\n<li>Direcci\u00f3n: Matar\u00f3, Maresme, Barcelona, Espa\u00f1a<\/li>\n\n\n\n<li>Instagram: <a href=\"https:\/\/instagram.com\/montserrathariavtar\">https:\/\/instagram.com\/montserrathariavtar<\/a><\/li>\n<\/ul>\n\n\n\n<h2 class=\"wp-block-heading\">PARTICIPACI\u00d3N<\/h2>\n\n\n\n<ul class=\"wp-block-list\">\n<li><a href=\"https:\/\/despertares.ar\/publicaciones\/4569\" data-type=\"post\" data-id=\"4569\">Despertares 450, Montserrat Hari Avtar nos explicar\u00e1 \u00abC\u00f3mo ocupar tu lugar\u00bb<\/a><\/li>\n<\/ul>\n","protected":false},"excerpt":{"rendered":"<h2 class=\"wp-block-heading\">DEDICACI\u00d3N<\/h2>\n<li>constelaciones familiares<\/li>\n<h2 class=\"wp-block-heading\">CONTACTOS<\/h2>\n<li>Direcci\u00f3n: Matar\u00f3, Maresme, Barcelona, Espa\u00f1a<\/li>\n<li>Instagram: <a href=\"https:\/\/instagram.com\/montserrathariavtar\">https:\/\/instagram.com\/montserrathariavtar<\/a><\/li>\n<h2 class=\"wp-block-heading\">PARTICIPACI\u00d3N<\/h2>\n<li><a href=\"https:\/\/despertares.ar\/publicaciones\/4569\" data-type=\"post\" data-id=\"4569\">Despertares 450, Montserrat Hari Avtar nos explicar\u00e1 \"C\u00f3mo ocupar tu lugar\"<\/a><\/li>\n","protected":false},"author":3,"featured_media":0,"comment_status":"open","ping_status":"open","sticky":false,"template":"","format":"standard","meta":{"footnotes":""},"categories":[20,8,9],"tags":[],"class_list":["post-4567","post","type-post","status-publish","format-standard","hentry","category-contactos","category-despertares","category-personas"],"_links":{"self":[{"href":"https:\/\/despertares.ar\/publicaciones\/wp-json\/wp\/v2\/posts\/4567","targetHints":{"allow":["GET"]}}],"collection":[{"href":"https:\/\/despertares.ar\/publicaciones\/wp-json\/wp\/v2\/posts"}],"about":[{"href":"https:\/\/despertares.ar\/publicaciones\/wp-json\/wp\/v2\/types\/post"}],"author":[{"embeddable":true,"href":"https:\/\/despertares.ar\/publicaciones\/wp-json\/wp\/v2\/users\/3"}],"replies":[{"embeddable":true,"href":"https:\/\/despertares.ar\/publicaciones\/wp-json\/wp\/v2\/comments?post=4567"}],"version-history":[{"count":3,"href":"https:\/\/despertares.ar\/publicaciones\/wp-json\/wp\/v2\/posts\/4567\/revisions"}],"predecessor-version":[{"id":4581,"href":"https:\/\/despertares.ar\/publicaciones\/wp-json\/wp\/v2\/posts\/4567\/revisions\/4581"}],"wp:attachment":[{"href":"https:\/\/despertares.ar\/publicaciones\/wp-json\/wp\/v2\/media?parent=4567"}],"wp:term":[{"taxonomy":"category","embeddable":true,"href":"https:\/\/despertares.ar\/publicaciones\/wp-json\/wp\/v2\/categories?post=4567"},{"taxonomy":"post_tag","embeddable":true,"href":"https:\/\/despertares.ar\/publicaciones\/wp-json\/wp\/v2\/tags?post=4567"}],"curies":[{"name":"wp","href":"https:\/\/api.w.org\/{rel}","templated":true}]}}