{"id":2464,"date":"2025-03-29T11:00:00","date_gmt":"2025-03-29T14:00:00","guid":{"rendered":"https:\/\/despertares.ar\/publicaciones\/?p=2464"},"modified":"2026-08-17T15:33:43","modified_gmt":"2026-08-17T18:33:43","slug":"despertares-296-maria-celeste-jordan-con-arte-pintura-mandalas","status":"publish","type":"post","link":"https:\/\/despertares.ar\/publicaciones\/2464","title":{"rendered":"Despertares 296, Mar\u00eda Celeste Jord\u00e1n con \u00e1ngeles y mandalas"},"content":{"rendered":"\n<figure class=\"wp-block-embed is-type-video is-provider-youtube wp-block-embed-youtube wp-embed-aspect-16-9 wp-has-aspect-ratio\"><div class=\"wp-block-embed__wrapper\">\n<iframe loading=\"lazy\" title=\"Maria Jordan con arte, pintura, mandalas\" width=\"605\" height=\"340\" src=\"https:\/\/www.youtube.com\/embed\/A8wmZbJ0_G8?feature=oembed\" frameborder=\"0\" allow=\"accelerometer; autoplay; clipboard-write; encrypted-media; gyroscope; picture-in-picture; web-share\" referrerpolicy=\"strict-origin-when-cross-origin\" allowfullscreen><\/iframe>\n<\/div><\/figure>\n\n\n\n<h2 class=\"wp-block-heading\">INVITADA<\/h2>\n\n\n\n<ul class=\"wp-block-list\">\n<li><a href=\"https:\/\/despertares.ar\/publicaciones\/1215\" data-type=\"post\" data-id=\"1215\">Mar\u00eda Celeste Jord\u00e1n<\/a> por videoconferencia Marcos Ju\u00e1rez, C\u00f3rdoba, Argentina<\/li>\n<\/ul>\n\n\n\n<h2 class=\"wp-block-heading\">CONDUCCI\u00d3N<\/h2>\n\n\n\n<ul class=\"wp-block-list\">\n<li><a href=\"https:\/\/despertares.ar\/publicaciones\/398\" data-type=\"post\" data-id=\"398\">Nora Ga<\/a><\/li>\n<\/ul>\n\n\n\n<h2 class=\"wp-block-heading\">VIDEO<\/h2>\n\n\n\n<ul class=\"wp-block-list\">\n<li>En YouTube de Nora Ga: <a href=\"https:\/\/youtu.be\/A8wmZbJ0_G8\">https:\/\/youtu.be\/A8wmZbJ0_G8<\/a><\/li>\n<\/ul>\n\n\n\n<h2 class=\"wp-block-heading\">AUDIO<\/h2>\n\n\n\n<ul class=\"wp-block-list\">\n<li>En Spotify de Nora Ga: <a href=\"https:\/\/creators.spotify.com\/pod\/show\/noraga\/embed\/episodes\/Despertares-296--Mara-Celeste-Jordn-con-arte--pintura--mandalas-e30r1k8\">https:\/\/creators.spotify.com\/pod\/show\/noraga\/embed\/episodes\/Despertares-296&#8211;Mara-Celeste-Jordn-con-arte&#8211;pintura&#8211;mandalas-e30r1k8<\/a><\/li>\n<\/ul>\n\n\n\n<h2 class=\"wp-block-heading\">FOTOS<\/h2>\n\n\n\n<figure class=\"wp-block-gallery has-nested-images columns-default is-cropped wp-block-gallery-1 is-layout-flex wp-block-gallery-is-layout-flex\">\n<figure class=\"wp-block-image size-large\"><img loading=\"lazy\" decoding=\"async\" width=\"960\" height=\"1280\" data-id=\"2471\" src=\"https:\/\/despertares.ar\/publicaciones\/wp-content\/uploads\/2025\/03\/maria-celeste-jordan-con-cartas-20250329.jpg\" alt=\"\" class=\"wp-image-2471\" srcset=\"https:\/\/despertares.ar\/publicaciones\/wp-content\/uploads\/2025\/03\/maria-celeste-jordan-con-cartas-20250329.jpg 960w, https:\/\/despertares.ar\/publicaciones\/wp-content\/uploads\/2025\/03\/maria-celeste-jordan-con-cartas-20250329-300x400.jpg 300w\" sizes=\"auto, (max-width: 960px) 100vw, 960px\" \/><figcaption class=\"wp-element-caption\">Mar\u00eda Celeste Jord\u00e1n con las cartas sacadas para Nora y para el p\u00fablico<\/figcaption><\/figure>\n\n\n\n<figure class=\"wp-block-image size-large\"><img loading=\"lazy\" decoding=\"async\" width=\"996\" height=\"1280\" data-id=\"2470\" src=\"https:\/\/despertares.ar\/publicaciones\/wp-content\/uploads\/2025\/03\/carta-mandala-natural-20250329.jpg\" alt=\"\" class=\"wp-image-2470\" srcset=\"https:\/\/despertares.ar\/publicaciones\/wp-content\/uploads\/2025\/03\/carta-mandala-natural-20250329.jpg 996w, https:\/\/despertares.ar\/publicaciones\/wp-content\/uploads\/2025\/03\/carta-mandala-natural-20250329-300x386.jpg 300w\" sizes=\"auto, (max-width: 996px) 100vw, 996px\" \/><figcaption class=\"wp-element-caption\">Carta: Mandala Natural<\/figcaption><\/figure>\n\n\n\n<figure class=\"wp-block-image size-large\"><img loading=\"lazy\" decoding=\"async\" width=\"1006\" height=\"1280\" data-id=\"2469\" src=\"https:\/\/despertares.ar\/publicaciones\/wp-content\/uploads\/2025\/03\/carta-mandala-del-dinero-20250329.jpg\" alt=\"\" class=\"wp-image-2469\" srcset=\"https:\/\/despertares.ar\/publicaciones\/wp-content\/uploads\/2025\/03\/carta-mandala-del-dinero-20250329.jpg 1006w, https:\/\/despertares.ar\/publicaciones\/wp-content\/uploads\/2025\/03\/carta-mandala-del-dinero-20250329-300x382.jpg 300w\" sizes=\"auto, (max-width: 1006px) 100vw, 1006px\" \/><figcaption class=\"wp-element-caption\">Carta: Mandala del Dinero<\/figcaption><\/figure>\n<\/figure>\n","protected":false},"excerpt":{"rendered":"<h2 class=\"wp-block-heading\">INVITADA<\/h2>\n<li><a href=\"https:\/\/despertares.ar\/publicaciones\/1215\" data-type=\"post\" data-id=\"1215\">Mar\u00eda Celeste Jord\u00e1n<\/a> por videoconferencia Marcos Ju\u00e1rez, C\u00f3rdoba, Argentina<\/li>\n<h2 class=\"wp-block-heading\">CONDUCCI\u00d3N<\/h2>\n<li><a href=\"https:\/\/despertares.ar\/publicaciones\/398\" data-type=\"post\" data-id=\"398\">Nora Ga<\/a><\/li>\n<h2 class=\"wp-block-heading\">VIDEO<\/h2>\n<li>En YouTube de Nora Ga: <a href=\"<\/a><\/li>\n<h2 class=\"wp-block-heading\">AUDIO<\/h2>\n<li>En Spotify de Nora Ga: <a href=\"https:\/\/creators.spotify.com\/pod\/show\/noraga\/embed\/episodes\/Despertares-296--Mara-Celeste-Jordn-con-arte--pintura--mandalas-e30r1k8\">https:\/\/creators.spotify.com\/pod\/show\/noraga\/embed\/episodes\/Despertares-296--Mara-Celeste-Jordn-con-arte--pintura--mandalas-e30r1k8<\/a><\/li>\n<h2 class=\"wp-block-heading\">FOTOS<\/h2>\n<figure class=\"wp-block-image size-large\"><img src=\"https:\/\/despertares.ar\/publicaciones\/wp-content\/uploads\/2025\/03\/maria-celeste-jordan-con-cartas-20250329.jpg\" alt=\"\" class=\"wp-image-2471\"\/><figcaption class=\"wp-element-caption\">Mar\u00eda Celeste Jord\u00e1n con las cartas sacadas para Nora y para el p\u00fablico<\/figcaption><\/figure>\n","protected":false},"author":3,"featured_media":0,"comment_status":"open","ping_status":"open","sticky":false,"template":"","format":"standard","meta":{"footnotes":""},"categories":[33,67,8,13,71,49],"tags":[],"class_list":["post-2464","post","type-post","status-publish","format-standard","hentry","category-angeles","category-arte","category-despertares","category-entrevistas","category-mandalas","category-pintura"],"_links":{"self":[{"href":"https:\/\/despertares.ar\/publicaciones\/wp-json\/wp\/v2\/posts\/2464","targetHints":{"allow":["GET"]}}],"collection":[{"href":"https:\/\/despertares.ar\/publicaciones\/wp-json\/wp\/v2\/posts"}],"about":[{"href":"https:\/\/despertares.ar\/publicaciones\/wp-json\/wp\/v2\/types\/post"}],"author":[{"embeddable":true,"href":"https:\/\/despertares.ar\/publicaciones\/wp-json\/wp\/v2\/users\/3"}],"replies":[{"embeddable":true,"href":"https:\/\/despertares.ar\/publicaciones\/wp-json\/wp\/v2\/comments?post=2464"}],"version-history":[{"count":7,"href":"https:\/\/despertares.ar\/publicaciones\/wp-json\/wp\/v2\/posts\/2464\/revisions"}],"predecessor-version":[{"id":5004,"href":"https:\/\/despertares.ar\/publicaciones\/wp-json\/wp\/v2\/posts\/2464\/revisions\/5004"}],"wp:attachment":[{"href":"https:\/\/despertares.ar\/publicaciones\/wp-json\/wp\/v2\/media?parent=2464"}],"wp:term":[{"taxonomy":"category","embeddable":true,"href":"https:\/\/despertares.ar\/publicaciones\/wp-json\/wp\/v2\/categories?post=2464"},{"taxonomy":"post_tag","embeddable":true,"href":"https:\/\/despertares.ar\/publicaciones\/wp-json\/wp\/v2\/tags?post=2464"}],"curies":[{"name":"wp","href":"https:\/\/api.w.org\/{rel}","templated":true}]}}